{"id":711,"date":"2023-09-15T10:52:55","date_gmt":"2023-09-15T10:52:55","guid":{"rendered":"https:\/\/www.regenerava.ro\/?p=711"},"modified":"2023-09-15T10:58:38","modified_gmt":"2023-09-15T10:58:38","slug":"publicatii","status":"publish","type":"post","link":"https:\/\/www.regenerava.ro\/index.php\/2023\/09\/15\/publicatii\/","title":{"rendered":"Publica\u021bii"},"content":{"rendered":"\t\t<div data-elementor-type=\"wp-post\" data-elementor-id=\"711\" class=\"elementor elementor-711\" data-elementor-post-type=\"post\">\n\t\t\t\t\t\t<section class=\"elementor-section elementor-top-section elementor-element elementor-element-ef7d40b elementor-section-boxed elementor-section-height-default elementor-section-height-default\" data-id=\"ef7d40b\" data-element_type=\"section\" data-e-type=\"section\">\n\t\t\t\t\t\t<div class=\"elementor-container elementor-column-gap-default\">\n\t\t\t\t\t<div class=\"elementor-column elementor-col-16 elementor-top-column elementor-element elementor-element-0a7cc38\" data-id=\"0a7cc38\" data-element_type=\"column\" data-e-type=\"column\">\n\t\t\t<div class=\"elementor-widget-wrap\">\n\t\t\t\t\t\t\t<\/div>\n\t\t<\/div>\n\t\t\t\t<div class=\"elementor-column elementor-col-66 elementor-top-column elementor-element elementor-element-03cf0ac\" data-id=\"03cf0ac\" data-element_type=\"column\" data-e-type=\"column\">\n\t\t\t<div class=\"elementor-widget-wrap elementor-element-populated\">\n\t\t\t\t\t\t<div class=\"elementor-element elementor-element-278ab4c elementor-widget elementor-widget-spacer\" data-id=\"278ab4c\" data-element_type=\"widget\" data-e-type=\"widget\" data-widget_type=\"spacer.default\">\n\t\t\t\t<div class=\"elementor-widget-container\">\n\t\t\t\t\t\t\t<div class=\"elementor-spacer\">\n\t\t\t<div class=\"elementor-spacer-inner\"><\/div>\n\t\t<\/div>\n\t\t\t\t\t\t<\/div>\n\t\t\t\t<\/div>\n\t\t\t\t<div class=\"elementor-element elementor-element-3b5713f elementor-widget elementor-widget-heading\" data-id=\"3b5713f\" data-element_type=\"widget\" data-e-type=\"widget\" data-widget_type=\"heading.default\">\n\t\t\t\t<div class=\"elementor-widget-container\">\n\t\t\t\t\t<h2 class=\"elementor-heading-title elementor-size-default\">LISTA  ARTICOLELOR  SI  COMUNICARILOR  STIINTIFICE  PUBLICATE  LA CARE A PARTICIPAT  IN  CALITATE  DE AUTOR  S-AU COAUTOR  MEDICUL  C\u00ceRLIG  Vasile.\n\n<\/h2>\t\t\t\t<\/div>\n\t\t\t\t<\/div>\n\t\t\t\t<div class=\"elementor-element elementor-element-3b5147e elementor-widget elementor-widget-text-editor\" data-id=\"3b5147e\" data-element_type=\"widget\" data-e-type=\"widget\" data-widget_type=\"text-editor.default\">\n\t\t\t\t<div class=\"elementor-widget-container\">\n\t\t\t\t\t\t\t\t\t<p>\u00a0<\/p><p>\u00a0<\/p><ol><li><b>C\u00ceRLIG\u00a0 Vasile<\/b><span style=\"font-weight: 400;\">\u00b9, C\u00ceRLIG Irina\u02e1,\u00a0 DIACONESCU Alexandru\u00b2, SIMIONCA Iuri (Gheorghe)\u00b3 \/ Vasile C\u00ceRLIG, Irina C\u00ceRLIG, Alexandru\u00a0 DIACONESCU , Iuri (Gheorghe) SIMIONCA.\u00a0 Influenta\u00a0 factorilor naturli asupra patologiei aparatului locomotor pe cursul superior al B\u00e2rladului din Podisul Central Moldovenesc \/ <\/span><a href=\"https:\/\/scholar.google.ro\/citations?view_op=view_citation&amp;hl=en&amp;user=5Yjr7mAkproC&amp;citation_for_view=5Yjr7mAkproC:UebtZRa9Y70C\"><span style=\"font-weight: 400;\">The influence of natural factors on the pathology of the loccomotive apparatus on the upper course of B\u00e2rlad in the Central Moldavian Plateau<\/span><\/a><span style=\"font-weight: 400;\"> \/ THE INTERNATIONAL CONFERENCE ATMOSFERE\u00a0 and\u00a0 HYDROSFERE\u00a0 3 edition dedicated\u00a0 to balneoclimatic\u00a0 tourism . Vatra Dornei.\u00a0 October 04 &#8211; 07. 2018. Pag.22.\u00a0\u00a0\u00a0\u00a0\u00a0\u00a0\u00a0\u00a0\u00a0\u00a0\u00a0\u00a0\u00a0\u00a0\u00a0\u00a0\u00a0\u00a0\u00a0\u00a0\u00a0\u00a0\u00a0\u00a0\u00a0\u00a0\u00a0\u00a0\u00a0\u00a0\u00a0\u00a0\u00a0\u00a0\u00a0\u00a0\u00a0\u00a0\u00a0\u00a0\u00a0\u00a0\u00a0\u00a0\u00a0\u00a0\u00a0\u00a0\u00a0\u00a0\u00a0\u00a0\u00a0\u00a0\u00a0\u00a0\u00a0\u00a0\u00a0\u00a0\u00a0\u00a0\u00a0\u00a0\u00a0\u00a0\u00a0\u00a0\u00a0\u00a0\u00a0\u00a0\u00a0\u00a0\u00a0\u00a0\u00a0\u00a0\u00a0\u00a0\u00a0\u00a0\u00a0\u00a0\u00a0\u00a0\u00a0\u00a0<\/span><\/li><\/ol><ol start=\"2\"><li><span style=\"font-weight: 400;\"> Iuri Simionca, Horia L\u0103z\u0103rescu, Liana Gheorghievici, Silviu Butnaru, <\/span><b>Vasile C\u00e2rlig<\/b><span style=\"font-weight: 400;\">, Iulia Bunescu, Marian Romeo C\u0103lin. \u00a0 Comunicare:\u00a0 Rezultate comparative \u00een timp (2011\u20132017) ai unor factori esen\u0163iali de stabilitate \u015fi propriet\u0103\u0163i curative ai structurii \u015fi mediului\u00a0 artificial de min\u0103.\u00a0 ACTUALIT\u0102\u0162I \u00ceN BALNEOLOGIE.\u00a0 A XV-a Conferin\u021b\u0103 Na\u021bional\u0103 de Balneologie \u0219i Recuperare Medical\u0103 Bucure\u0219ti, 10 \u2013 12 Mai 2018, Palatul Patriarhiei \u2013 Aula Magna \u201eTeoctist Patriarhul\u201d. ACTUALIT\u0102\u0162I \u00ceN BALNEOLOGIE.\u00a0 Moderatori: Iuri\u00a0 Simionca, M\u0103d\u0103lina Cosmoiu \u00a0 \/ INRMFB.<\/span><\/li><li><span style=\"font-weight: 400;\"> Iuri (Gheorghe) SIMIONCA\u00a0 <\/span><span style=\"font-weight: 400;\">1,2, <\/span><span style=\"font-weight: 400;\">Horia LAZARESCU <\/span><span style=\"font-weight: 400;\">2<\/span><span style=\"font-weight: 400;\">, Delia CINTEZA <\/span><span style=\"font-weight: 400;\">2<\/span><span style=\"font-weight: 400;\">, Romeo CALIN <\/span><span style=\"font-weight: 400;\">3<\/span><span style=\"font-weight: 400;\">, Liviu ENACHE<\/span><span style=\"font-weight: 400;\"> 2<\/span><span style=\"font-weight: 400;\">, Iulia BUNESCU <\/span><span style=\"font-weight: 400;\">2<\/span><span style=\"font-weight: 400;\">, <\/span><b>Vasile C\u00ceRLIG<\/b> <span style=\"font-weight: 400;\">2,5<\/span><span style=\"font-weight: 400;\">, Silviu BUTNARU <\/span><span style=\"font-weight: 400;\">2<\/span><span style=\"font-weight: 400;\">, Nicolae GRUDNICKI\u00a0 <\/span><span style=\"font-weight: 400;\">4<\/span><span style=\"font-weight: 400;\">.<\/span><span style=\"font-weight: 400;\"> HALOTHERAPY\u00a0 SALON ON THE SURFACE WITH HALOTHERAPEUTIC\u00a0 ENVIRONMENT,\u00a0 STABILITY OF THE THERAPEUTIC FACTORS OVER TIME. \u00a0 1- PCS\/CPS (SC ) of\u00a0 UIS (ICSU &amp; UNESCO Member),\u00a0 2 &#8211; National Institute of Rehabilitation, Physical Medicine and Balneoclimatology &#8211; Research Section of Natural Therapeutic Factors, Bucharest;\u00a0 3- \u201cHoria Hulubei\u201d National Institute for Physics and Nuclear Engineering &#8211; IFIN HH, Magurele,\u00a0 Romania,\u00a0 4- National Salt Company &#8211; SALROM, Bucharest, Romania .<\/span><\/li><li><span style=\"font-weight: 400;\"> Simionka Yu., Lazarescu H., <\/span><b>Cirlig V.<\/b><span style=\"font-weight: 400;\"> HALOTHERAPY &#8211; DESCENDANT METHOD OF SPELEOTHERAPY .<\/span><\/li><\/ol><p><span style=\"font-weight: 400;\">National Institute of Rehabilitation, Physical Medicine and Balneoclimatology, Bucharest, Romania.\u00a0 e-mail: <\/span><i><span style=\"font-weight: 400;\">simionca_iuri@yahoo.com.<\/span><\/i><span style=\"font-weight: 400;\"> _ <\/span><span style=\"font-weight: 400;\">comunicare.<\/span><span style=\"font-weight: 400;\">\u00a0\u00a0\u00a0\u00a0\u00a0\u00a0\u00a0\u00a0\u00a0\u00a0\u00a0\u00a0\u00a0\u00a0\u00a0\u00a0\u00a0\u00a0\u00a0\u00a0\u00a0\u00a0\u00a0\u00a0\u00a0\u00a0\u00a0\u00a0\u00a0\u00a0\u00a0\u00a0\u00a0\u00a0\u00a0\u00a0\u00a0\u00a0\u00a0\u00a0\u00a0\u00a0\u00a0\u00a0\u00a0\u00a0\u00a0\u00a0\u00a0\u00a0\u00a0\u00a0\u00a0\u00a0\u00a0\u00a0<\/span><\/p><p>\u00a0<\/p><p><b>PUBLICATII :<\/b><\/p><ol><li><b> C\u00ceRLIG Vasile, C\u00ceRLIG Irina, DIACONESCU Alexandru, SIMIONCA Iuri (Gheorghe)\u00a0 Influen\u021ba factorilor naturali asupra patologiei aparatului locomotor pe cursul superior al B\u00e2rladului din Podi\u0219ul Central Moldovenesc.\u00a0 \/\u00a0 The influence of natural factors on the pathology of the locomotive apparatus on the upper course of Barlad in the Central Moldavian Plateau .\u00a0\u00a0\u00a0\u00a0\u00a0\u00a0\u00a0\u00a0\u00a0\u00a0\u00a0\u00a0\u00a0\u00a0\u00a0\u00a0\u00a0\u00a0\u00a0\u00a0\u00a0\u00a0\u00a0\u00a0\u00a0\u00a0\u00a0\u00a0\u00a0\u00a0\u00a0\u00a0\u00a0\u00a0\u00a0\u00a0\u00a0\u00a0\u00a0\u00a0\u00a0\u00a0\u00a0\u00a0\u00a0\u00a0\u00a0\u00a0\u00a0\u00a0\u00a0\u00a0\u00a0\u00a0\u00a0\u00a0\u00a0\u00a0\u00a0\u00a0\u00a0\u00a0\u00a0\u00a0\u00a0\u00a0\u00a0\u00a0\u00a0\u00a0\u00a0\u00a0\u00a0\u00a0\u00a0\u00a0\u00a0\u00a0\u00a0\u00a0\u00a0\u00a0\u00a0\u00a0\u00a0\u00a0\u00a0\u00a0\u00a0\u00a0\u00a0\u00a0\u00a0\u00a0\u00a0\u00a0\u00a0\u00a0\u00a0\u00a0\u00a0\u00a0\u00a0\u00a0\u00a0\u00a0\u00a0\u00a0\u00a0\u00a0\u00a0\u00a0\u00a0\u00a0\u00a0\u00a0<\/b><\/li><\/ol><p><b>Introducere:<\/b><span style=\"font-weight: 400;\"> Un microclimat rece va duce la declan\u0219area prompt\u0103 a unei reac\u021bii prin generare de c\u0103ldur\u0103 iar efectele asupra corpului sunt sc\u0103derea transpira\u021biei, constric\u021bie vascular\u0103 periferic\u0103 prin cre\u0219terea pragului de excitabilitate a corpusculilor Krause, receptori pentru rece care duc la men\u021binerea pragului de control al tensiunii arteriale. Aclimatizarea la cald, impune vasodilata\u021bie \u0219i transpira\u021bie, indeosebi c\u00e2nd temperatura aerului dep\u0103\u0219e\u0219te 29 C*. \u00a0 \u00a0 \u00a0 \u00a0 \u00a0 \u00a0 \u00a0 \u00a0 \u00a0 \u00a0 \u00a0 \u00a0 \u00a0 \u00a0 \u00a0 \u00a0 \u00a0 \u00a0 \u00a0 \u00a0 \u00a0 \u00a0 \u00a0 \u00a0 \u00a0 \u00a0 \u00a0 \u00a0 \u00a0 \u00a0 \u00a0 \u00a0 \u00a0 <\/span><b>Obiective:<\/b><span style=\"font-weight: 400;\"> \u00a0 Evaluarea \u0219i prezentarea efectului benefic al microclimatului format pe cursul superior al B\u00e2rladului din Podi\u0219ul Central Moldovenesc asupra organismului uman al pacientilor de v\u00e2rst\u0103 \u00eenaintat\u0103 cu patologie a aparatului locomotor.\u00a0 \u00a0 \u00a0 \u00a0 \u00a0 \u00a0 \u00a0 \u00a0 \u00a0 \u00a0 \u00a0 \u00a0 \u00a0 \u00a0 \u00a0 \u00a0 \u00a0 \u00a0 \u00a0 \u00a0 \u00a0 \u00a0 \u00a0 \u00a0 \u00a0 \u00a0 \u00a0 \u00a0 \u00a0 \u00a0 \u00a0 \u00a0 \u00a0 \u00a0 \u00a0 \u00a0 \u00a0 \u00a0 \u00a0 \u00a0 \u00a0 \u00a0 \u00a0 \u00a0 \u00a0 \u00a0 \u00a0 \u00a0 <\/span><b>Metode:<\/b><span style=\"font-weight: 400;\">\u00a0 Studiul a fost efectuat asupra unui lot de 17 pacien\u021bi in v\u00eerst\u0103 de 63 &#8211; 98 ani, cu patologie cronica a aparatului locomotor, statusul\u00a0 clinic fiind analizat pe o perioada de 5 &#8211; 10 luni tratament sanatorial. A fost folosit\u0103 scala durerii &#8211; Visual Analogic Scale (VAS).\u00a0 \u00a0 \u00a0 \u00a0 \u00a0 \u00a0 \u00a0 \u00a0 \u00a0 \u00a0 \u00a0 \u00a0 \u00a0 \u00a0 \u00a0 \u00a0<\/span><b style=\"color: var( --e-global-color-text ); font-family: var( --e-global-typography-text-font-family ), Sans-serif; font-size: var( --e-global-typography-text-font-size );\">Rezultate:<\/b><span style=\"color: var( --e-global-color-text ); font-family: var( --e-global-typography-text-font-family ), Sans-serif; font-size: var( --e-global-typography-text-font-size );\">\u00a0 Analiza statusului clinic al pacien\u021bilor cu patologie cronic\u0103 a aparatului locomotor pe o perioad\u0103 de 5 &#8211; 10 luni tratament sanatorial balneoclimatic a indicat o ameliorare important\u0103 datorat\u0103 climei zonei\u00a0 (Media VAS la inceputul\u00a0 evaluarii &#8211; 7,12, dupa 5 -10 luni de tratament sanatorial balneoclimatic &#8211; 3,06, P Stewdent = 0,01). \u00a0 \u00a0 \u00a0 \u00a0 \u00a0 \u00a0 \u00a0 \u00a0 \u00a0 \u00a0 \u00a0 \u00a0 \u00a0 \u00a0 \u00a0 \u00a0 \u00a0 \u00a0 \u00a0 \u00a0 \u00a0 \u00a0 \u00a0 \u00a0 \u00a0 \u00a0 \u00a0 \u00a0 \u00a0 \u00a0 \u00a0 \u00a0 \u00a0 \u00a0 \u00a0 \u00a0 \u00a0 \u00a0 \u00a0 \u00a0 \u00a0 \u00a0 \u00a0 \u00a0 \u00a0 \u00a0 \u00a0 \u00a0 \u00a0 \u00a0 <\/span><b style=\"color: var( --e-global-color-text ); font-family: var( --e-global-typography-text-font-family ), Sans-serif; font-size: var( --e-global-typography-text-font-size );\">Recomandari:<\/b><span style=\"color: var( --e-global-color-text ); font-family: var( --e-global-typography-text-font-family ), Sans-serif; font-size: var( --e-global-typography-text-font-size );\">\u00a0 Modelarea\u00a0 unor\u00a0 limite ale parametrilor microclimatici in vederea ridic<\/span> <span style=\"color: var( --e-global-color-text ); font-family: var( --e-global-typography-text-font-family ), Sans-serif; font-size: var( --e-global-typography-text-font-size );\">\u0103rii gradului de confort multifunctional al pacientilor.\u00a0<\/span><\/p><p><b>The influence of natural factors on the pathology of the locomotive apparatus on the upper course of Barlad in the Central Moldavian Plateau<\/b><span style=\"font-weight: 400;\">.\u00a0 \u00a0<\/span><\/p><p><b>Introduction:<\/b><span style=\"font-weight: 400;\">\u00a0 A cold microclimate will prompt a reaction to be triggered by heat generation and the effects on the body are decreased sweating, peripheral vascular constriction by increasing the excitability threshold of the Krause corpuscles, cold receptors that maintain the blood pressure control threshold . Hot climatization requires vasodilation and sweating, especially when the air temperature exceeds 29\u00b0 C.\u00a0 \u00a0 \u00a0 \u00a0 \u00a0 \u00a0 \u00a0 \u00a0 \u00a0 \u00a0 \u00a0 \u00a0 \u00a0 \u00a0 \u00a0 \u00a0 \u00a0 \u00a0 \u00a0 \u00a0 \u00a0 \u00a0 \u00a0 \u00a0 \u00a0 \u00a0 \u00a0 \u00a0 \u00a0 \u00a0 \u00a0 \u00a0 \u00a0 \u00a0 \u00a0 \u00a0 \u00a0 \u00a0 \u00a0 \u00a0 \u00a0 \u00a0 \u00a0 \u00a0 \u00a0 \u00a0 \u00a0 \u00a0 \u00a0 \u00a0 \u00a0 \u00a0 \u00a0<\/span><\/p><p><b>Objectives:<\/b><span style=\"font-weight: 400;\"> To evaluate and present the beneficial effect of the microclimate formed on the upper course of B\u00e2rlad from the Central Moldavian Plateau on the human body of the patients with advanced pathology of the locomotor apparatus.\u00a0 \u00a0 \u00a0 \u00a0 \u00a0 \u00a0 \u00a0 \u00a0 \u00a0 \u00a0 \u00a0 \u00a0 \u00a0 \u00a0 \u00a0 \u00a0 \u00a0 \u00a0 \u00a0 \u00a0 \u00a0 \u00a0 \u00a0 \u00a0 \u00a0 \u00a0 \u00a0 \u00a0 \u00a0 \u00a0 \u00a0 \u00a0 \u00a0 \u00a0 \u00a0 \u00a0 \u00a0 \u00a0 \u00a0 \u00a0 \u00a0 \u00a0 \u00a0 \u00a0 \u00a0 \u00a0 \u00a0 \u00a0 \u00a0<\/span><\/p><p><b>Methods:<\/b><span style=\"font-weight: 400;\"> The study was performed on a group of 17 patients aged 63-98 with chronic pathology of the locomotor system, the clinical status being analyzed over a period of 5-10 months sanatorium treatment. The pain scale &#8211; Visual Analogic Scale (VAS) was used.\u00a0 \u00a0 \u00a0 \u00a0 \u00a0 \u00a0 \u00a0 \u00a0 \u00a0 \u00a0 \u00a0 \u00a0 \u00a0 \u00a0 \u00a0 \u00a0 \u00a0 \u00a0 \u00a0 \u00a0 \u00a0 \u00a0 \u00a0 \u00a0 \u00a0 \u00a0 \u00a0 \u00a0 \u00a0 \u00a0 \u00a0 \u00a0 \u00a0 \u00a0 \u00a0 \u00a0 \u00a0 \u00a0 \u00a0 \u00a0 \u00a0 \u00a0 \u00a0 \u00a0 \u00a0 \u00a0 \u00a0 \u00a0 \u00a0 \u00a0 \u00a0\u00a0<\/span><\/p><p><b style=\"color: var( --e-global-color-text ); font-family: var( --e-global-typography-text-font-family ), Sans-serif; font-size: var( --e-global-typography-text-font-size );\">Results:<\/b><span style=\"color: var( --e-global-color-text ); font-family: var( --e-global-typography-text-font-family ), Sans-serif; font-size: var( --e-global-typography-text-font-size );\">\u00a0 The analysis of the clinical status of patients with chronic pathology of the locomotor apparatus for a period of 5-10 months balneoclimatic sanatorial treatment indicated an important improvement due to the climate of the area (VAS Media at the beginning of the evaluation &#8211; 7.12, after\u00a0 5 &#8211; 10 months of balneoclimatic sanatorium\u00a0 treatment &#8211; 3.06, P Stewdent = 0.01).\u00a0\u00a0<\/span><\/p><p><b style=\"color: var( --e-global-color-text ); font-family: var( --e-global-typography-text-font-family ), Sans-serif; font-size: var( --e-global-typography-text-font-size );\">Recommendations:<\/b><span style=\"color: var( --e-global-color-text ); font-family: var( --e-global-typography-text-font-family ), Sans-serif; font-size: var( --e-global-typography-text-font-size );\"> \u00a0 Modeling some limits of microclimatic parameters\u00a0 in order\u00a0 to increase the degree of multifunctional comfort of patients.\u00a0 \u00a0 \u00a0 \u00a0 \u00a0 \u00a0 \u00a0 \u00a0 \u00a0<\/span><\/p><p><span style=\"font-weight: 400;\">\u00a0\u00a0\u00a0\u00a0\u00a0\u00a0\u00a0\u00a0\u00a0\u00a0\u00a0\u00a0\u00a0\u00a0\u00a0\u00a0\u00a0\u00a0\u00a0\u00a0\u00a0\u00a0\u00a0\u00a0\u00a0\u00a0\u00a0\u00a0\u00a0\u00a0\u00a0\u00a0\u00a0\u00a0\u00a0\u00a0\u00a0\u00a0\u00a0\u00a0\u00a0\u00a0\u00a0\u00a0\u00a0\u00a0\u00a0\u00a0\u00a0\u00a0\u00a0\u00a0\u00a0\u00a0\u00a0\u00a0\u00a0\u00a0\u00a0\u00a0\u00a0\u00a0\u00a0\u00a0\u00a0\u00a0\u00a0\u00a0\u00a0\u00a0\u00a0\u00a0\u00a0\u00a0\u00a0\u00a0\u00a0\u00a0\u00a0\u00a0\u00a0\u00a0\u00a0\u00a0\u00a0\u00a0\u00a0\u00a0\u00a0\u00a0\u00a0\u00a0\u00a0\u00a0\u00a0\u00a0\u00a0\u00a0\u00a0\u00a0\u00a0\u00a0\u00a0\u00a0\u00a0\u00a0\u00a0\u00a0\u00a0\u00a0\u00a0\u00a0\u00a0\u00a0\u00a0\u00a0\u00a0\u00a0\u00a0\u00a0<\/span><\/p><p><b>THE INTERNATIONAL CONFERENCE\u00a0 ATMOSFERE and HYDROSFERE\u00a0 3 edition dedicated\u00a0 to balneocli- matic\u00a0 tourism . Vatra Dornei. October 04 &#8211; 07. 2018. Pag.22. <\/b><span style=\"font-weight: 400;\">\u00a0\u00a0<\/span><b>TOPICS\u00a0 <\/b><span style=\"font-weight: 400;\">ADDRESSED\u00a0 &#8211; APPLIED \u00a0 CLIMA-TOLOGY\u00a0 AND\u00a0 HYDROLOGY\u00a0 IN THE FIELD OF HEALTH TOURISM\u00a0 &#8211;\u00a0 BIOMETHEROLOGY\u00a0 AND BIOCLIMA-TOLOGY -BALNEOLOGY -BALNEOCLIMATIC\u00a0 TOURISM -ECONOMY AND\u00a0 MANAGEMENT\u00a0 OF HEALTH TOURISM &#8211; KINETOTHERAPY\u00a0 AND\u00a0 HEALTH TOURISM &#8211; FOREST AND\u00a0 HUMAN\u00a0 HEALTH.\u00a0\u00a0\u00a0<\/span><\/p><ol start=\"2\"><li><b><\/b> <b>Iuri Simionca, Horia L\u0103z\u0103rescu, Liana Gheorghievici, Silviu Butnaru, <\/b><b>Vasile C\u00e2rlig<\/b><b>, Iulia Bunescu, Marian Romeo C\u0103lin.\u00a0 \u00a0 Rezultate comparative \u00een timp (2011\u20132017) ai unor factori esen\u0163iali de stabilitate \u015fi propriet\u0103\u0163i curative ai structurii \u015fi mediului\u00a0 artificial de min\u0103 salin\u0103. ACTUALIT\u0102\u0162I \u00ceN BALNEOLOGIE.<\/b><span style=\"font-weight: 400;\"> \u00a0 <\/span><b>A XV-a Conferin\u021b\u0103 \u00a0 Na\u021bional\u0103 de Balneologie \u0219i Recuperare Medical\u0103 Bucure\u0219ti<\/b><span style=\"font-weight: 400;\">, <\/span><b>10 \u2013 12 Mai 2018, rd\u00a0 Palatul Patriarhiei \u2013 Aula Magna \u201eTeoctist Patriarhul\u201d.<\/b> <b>Moderatori:\u00a0 Iuri Simionca, M\u0103d\u0103lina Cosmoiu <\/b><span style=\"font-weight: 400;\">\/ INRMFB<\/span><b>.<\/b><\/li><\/ol><table><tbody><tr><td colspan=\"2\"><p><i><span style=\"font-weight: 400;\">\u00a0<\/span><\/i><\/p><p><b>PROGRAM \u015eTIIN\u0162IFIC<\/b>\u00a0\u00a0<b>10 mai 2018. DESCHIDEREA LUCR\u0102RILOR \u2013EDITIE ANIVERSAR\u0102: 100 DE ANI DE BALNEOLOGIE \u00ceN ROM\u00c2NIA &#8211; <\/b><span style=\"font-weight: 400;\">Particip\u0103 reprezentan\u0163i ai Ministerului S\u0103n\u0103t\u0103\u0163ii, Academiei de \u015etiin\u0163e Medicale, U.M.F. \u201eCarol Davila\u201d, Ministerului Turismului, Asocia\u0163iei primarilor ora\u015felor.\u00a0<\/span><\/p><p>\u00a0<\/p><p><b>Moderatori: Horia L\u0103z\u0103rescu, Delia Cintez\u0103, Augustin Dima<\/b><span style=\"font-weight: 400;\">.<\/span><\/p><p><span style=\"font-weight: 400;\">1. Programe de recuperare medical\u0103 \u00een sta\u0163iunea Geoagiu B\u0103i \u2013 Vasile C\u0103r\u0103gu\u0163\u00a0<\/span><\/p><p><span style=\"font-weight: 400;\">2. Recuperarea medical\u0103 \u00een sta\u0163iunea B\u0103ile Tu\u015fnad &#8211; Albert Tibor\u00a0<\/span><\/p><p><span style=\"font-weight: 400;\">3. Efectul pleiotropic al n\u0103molului de Techirghiol \u2013 Soceanu Iulian Constantin\u00a0<\/span><\/p><p><span style=\"font-weight: 400;\">4. Tratamentul balnear \u00een sta\u0163iunea Eforie \u2013 \u0218erban Robert Nicolae\u00a0<\/span><\/p><p><span style=\"font-weight: 400;\">5. Efectele talazoterapiei aplicate \u00een sta\u0163iunea Mangalia \u2013 Radu Cristian\u00a0<\/span><\/p><p><span style=\"font-weight: 400;\">6. Tg. Ocna \u2013 experien\u0163a noastr\u0103 \u00een abordarea terapeutic\u0103 a infec\u0163iilor respiratorii la copii \u2013 \u015etefan Silochi\u00a0<\/span><\/p><p><span style=\"font-weight: 400;\">7. Recuperarea medical\u0103 \u00een sta\u0163iunea Sovata \u2013 L\u00e1szl\u00f3 Zsolt F\u00fcl\u00f6p\u00a0<\/span><\/p><p><span style=\"font-weight: 400;\">8. Caracteristicile fizicochimice \u015fi terapeutice ale factorilor naturali de cur\u0103 \u00een sta\u0163iunea Herculane \u2013 Cristian Micl\u0103u\u00a0<\/span><\/p><p><span style=\"font-weight: 400;\">9. Principiile de ac\u0163iune ale peloidoterapiei \u00een sta\u0163iunea Amara \u2013 Ion M\u0103i\u0163\u0103\u00a0<\/span><\/p><p><span style=\"font-weight: 400;\">10. Tratamentul bolilor cardiovasculare \u00een sta\u0163iunea Vatra Dornei \u2013 Ilie Bonche\u015f\u00a0<\/span><\/p><p><span style=\"font-weight: 400;\">11. Tratamentul balnear in statiunea Pucioasa \u2013 Constantin Emilian Ana\u00a0<\/span><\/p><p><span style=\"font-weight: 400;\">12. Tratamentul balnear \u00een sta\u0163iunea B\u0103ile Felix \u2013 Cristian Laza\u00a0<\/span><\/p><p><span style=\"font-weight: 400;\">13. Tratamentul balnear \u00een sta\u0163iunea B\u0103ile Govora \u2013 Mihai Mateescu\u00a0<\/span><\/p><p><span style=\"font-weight: 400;\">14. Tratamentul balnear \u00een sta\u0163iunea B\u0103ile Ol\u0103ne\u015fti \u2013 Vasile Sorin Vasilache\u00a0<\/span><\/p><p><span style=\"font-weight: 400;\">15. Tratamentul balnear \u00een sta\u0163iunea C\u0103lim\u0103ne\u015fti-C\u0103ciulata \u2013 Florinel Constantinescu\u00a0<\/span><\/p><p><span style=\"font-weight: 400;\">1330 \u2013 1430 <\/span> <span style=\"font-weight: 400;\">Pauz\u0103 de mas\u0103\u00a0<\/span><\/p><p>\u00a0<\/p><p><b>ACTUALIT\u0102\u0162I \u00ceN BALNEOLOGIE\u00a0<\/b><\/p><p><span style=\"font-weight: 400;\">1. Indica\u0163ii \u015fi contraindica\u0163ii realizate pentru Camera de Haloterapie din I.N.R.M.F.B. \u015fi efectul ob\u0163inut la pacien\u0163i cu boli respiratorii cronice \u2013 Horia L\u0103z\u0103rescu, Iuri Simionca, Elena Dumitrescu, Dan Dumitra\u015fcu\u00a0<\/span><\/p><p><span style=\"font-weight: 400;\">2. Reglement\u0103ri legislative ale practicii medicale balneare din Rom\u00e2nia \u2013 Adriana Sarah Nica, Roxana Micl\u0103u\u015f\u00a0<\/span><\/p><p><span style=\"font-weight: 400;\">3. <\/span><b>Rezultate comparative \u00een timp (2011\u20132017) ai unor factori esen\u0163iali de stabilitate \u015fi propriet\u0103\u0163i curative ai structurii \u015fi mediului artificial de min\u0103 salin\u0103 \u2013 Iuri Simionca, Horia L\u0103z\u0103rescu, Liana Gheorghievici, Silviu Butnaru, Vasile C\u00e2rlig, Iulia Bunescu, Marian Romeo C\u0103lin\u00a0<\/b><\/p><p><span style=\"font-weight: 400;\">4. Peloidoterapia \u2013 \u00eentre mit \u015fi realitate \u2013 Anatoli Covaleov, Consuela Br\u0103ilescu\u00a0<\/span><\/p><p><span style=\"font-weight: 400;\">5. Strategii pentru reabilitarea re\u0163elei balneoclimatice \u00een Rom\u00e2nia \u2013 Lucian Mirescu, Ion Truic\u0103, Ben Slavu, Teodor P\u00eervulescu\u00a0<\/span><\/p><p><span style=\"font-weight: 400;\">6. Mofetele naturale- principii \u015fi detalii balneotehnice de func\u0163ionare \u2013 Lucian Mirescu, Ion Truic\u0103, Ben Slavu, Teodor P\u00eervulescu\u00a0<\/span><\/p><p><span style=\"font-weight: 400;\">7. Aspecte bioclimatice ale v\u0103ii superioare a Prahovei \u2013 Iulia Bunescu, Liviu Enache\u00a0<\/span><\/p><p><span style=\"font-weight: 400;\">8. Modificarea status-ului microbiologic al apelor minerale naturale \u2013 Liana Gheorghievici, M\u0103d\u0103lina Cosmoiu, Iulia Pompei, Mihaela Florea, Iosif T\u0103nase\u00a0<\/span><\/p><p><span style=\"font-weight: 400;\">9. Prezen\u0163a metalelor \u00een apele minerale \u015fi impactul lor asupra organismului uman \u2013 M\u0103d\u0103lina Cosmoiu, Liana Gheorghievici, Iulia Pompei, Iosif T\u0103nase, Mihaela Florea\u00a0<\/span><\/p><p><span style=\"font-weight: 400;\">10. Momente cheie \u00een istoria balneologiei rom\u00e2ne\u015fti \u2013 Nicolae Marcu\u00a0<\/span><\/p><p><span style=\"font-weight: 400;\">11.Tratamentul afec\u0163iunilor gastrice \u015fi hepatobiliare \u00een Sec\u0163ia Sanatorial\u0103 Sl\u0103nic<\/span><\/p><p><span style=\"font-weight: 400;\">Moldova- Liliana Neac\u015fu, Dan Dumitra\u015fcu.<\/span><\/p><p><b>RECUPERAREA MEDICALA \u00ceN STA\u0162IUNILE BALNEARE. Moderatori: Horia L\u0103z\u0103rescu, Delia Cintez\u0103, Augustin Dima.\u00a0\u00a0<\/b><\/p><\/td><\/tr><tr><td><p><span style=\"font-weight: 400;\">1. Programe de recuperare medicala in\u00a0 Statiunea<\/span><\/p><\/td><td><p><span style=\"font-weight: 400;\">Geoagiu Bai &#8211; <\/span><i><span style=\"font-weight: 400;\">Vasile<\/span><\/i><span style=\"font-weight: 400;\">\u00a0 <\/span><i><span style=\"font-weight: 400;\">C\u0103r\u0103gu\u0163.\u00a0\u00a0\u00a0\u00a0\u00a0\u00a0\u00a0<\/span><\/i><\/p><\/td><\/tr><tr><td><p><span style=\"font-weight: 400;\">2. Recuperarea medical\u0103 \u00een sta\u0163iunea B\u0103ile\u00a0<\/span><\/p><\/td><td><p><span style=\"font-weight: 400;\">Tu\u015fnad &#8211; <\/span><i><span style=\"font-weight: 400;\">Albert Tibor<\/span><\/i><\/p><\/td><\/tr><tr><td colspan=\"2\"><p><span style=\"font-weight: 400;\">3. Efectul pleiotropic al n\u0103molului de Techirghiol \u2013 <\/span><i><span style=\"font-weight: 400;\">Soceanu Iulian Constantin\u00a0<\/span><\/i><\/p><\/td><\/tr><tr><td colspan=\"2\"><p><span style=\"font-weight: 400;\">4. Tratamentul balnear \u00een sta\u0163iunea Eforie \u2013 <\/span><i><span style=\"font-weight: 400;\">\u0218erban Robert Nicolae\u00a0<\/span><\/i><\/p><\/td><\/tr><tr><td colspan=\"2\"><p><span style=\"font-weight: 400;\">5. Efectele talazoterapiei aplicate \u00een sta\u0163iunea Mangalia \u2013 <\/span><i><span style=\"font-weight: 400;\">Radu Cristian\u00a0<\/span><\/i><\/p><\/td><\/tr><tr><td colspan=\"2\"><p><span style=\"font-weight: 400;\">4. Tratamentul balnear \u00een sta\u0163iunea Eforie \u2013 <\/span><i><span style=\"font-weight: 400;\">\u0218erban Robert Nicolae\u00a0<\/span><\/i><\/p><\/td><\/tr><tr><td colspan=\"2\"><p><span style=\"font-weight: 400;\">5. Efectele talazoterapiei aplicate \u00een sta\u0163iunea Mangalia \u2013 <\/span><i><span style=\"font-weight: 400;\">Radu Cristian\u00a0<\/span><\/i><\/p><\/td><\/tr><tr><td colspan=\"2\"><p><span style=\"font-weight: 400;\">6. Tg. Ocna \u2013 experien\u0163a noastr\u0103 \u00een abordarea terapeutic\u0103 a infec\u0163iilor respiratorii la copii \u2013 <\/span><i><span style=\"font-weight: 400;\">\u015etefan Silochi\u00a0<\/span><\/i><\/p><\/td><\/tr><tr><td colspan=\"2\"><p><span style=\"font-weight: 400;\">7. Recuperarea medical\u0103 \u00een sta\u0163iunea Sovata \u2013 <\/span><i><span style=\"font-weight: 400;\">L\u00e1szl\u00f3 Zsolt F\u00fcl\u00f6p\u00a0<\/span><\/i><\/p><\/td><\/tr><tr><td colspan=\"2\"><p><span style=\"font-weight: 400;\">8. Caracteristicile fizicochimice \u015fi terapeutice ale factorilor naturali de cur\u0103 \u00een sta\u0163iunea Herculane \u2013 <\/span><i><span style=\"font-weight: 400;\">Cristian Micl\u0103u\u00a0<\/span><\/i><\/p><\/td><\/tr><tr><td colspan=\"2\"><p><span style=\"font-weight: 400;\">9. Principiile de ac\u0163iune ale peloidoterapiei \u00een sta\u0163iunea Amara \u2013 <\/span><i><span style=\"font-weight: 400;\">Ion M\u0103i\u0163\u0103\u00a0<\/span><\/i><\/p><\/td><\/tr><tr><td colspan=\"2\"><p><span style=\"font-weight: 400;\">10. Tratamentul bolilor cardiovasculare \u00een sta\u0163iunea Vatra Dornei \u2013 <\/span><i><span style=\"font-weight: 400;\">Ilie Bonche\u015f\u00a0<\/span><\/i><\/p><\/td><\/tr><tr><td colspan=\"2\"><p><span style=\"font-weight: 400;\">11. Tratamentul balnear in statiunea Pucioasa \u2013 <\/span><i><span style=\"font-weight: 400;\">Constantin Emilian Ana\u00a0<\/span><\/i><\/p><\/td><\/tr><tr><td colspan=\"2\"><p><span style=\"font-weight: 400;\">12. Tratamentul balnear \u00een sta\u0163iunea B\u0103ile Felix \u2013 <\/span><i><span style=\"font-weight: 400;\">Cristian Laza\u00a0<\/span><\/i><\/p><\/td><\/tr><tr><td colspan=\"2\"><p><span style=\"font-weight: 400;\">13. Tratamentul balnear \u00een sta\u0163iunea B\u0103ile Govora \u2013 <\/span><i><span style=\"font-weight: 400;\">Mihai Mateescu\u00a0<\/span><\/i><\/p><\/td><\/tr><tr><td colspan=\"2\"><p><span style=\"font-weight: 400;\">14. Tratamentul balnear \u00een sta\u0163iunea B\u0103ile Ol\u0103ne\u015fti \u2013 <\/span><i><span style=\"font-weight: 400;\">Vasile Sorin Vasilache\u00a0<\/span><\/i><\/p><\/td><\/tr><tr><td colspan=\"2\"><p><span style=\"font-weight: 400;\">15. Tratamentul balnear \u00een sta\u0163iunea C\u0103lim\u0103ne\u015fti-C\u0103ciulata \u2013 <\/span><i><span style=\"font-weight: 400;\">Florinel Constantinescu\u00a0\u00a0\u00a0\u00a0\u00a0\u00a0\u00a0\u00a0\u00a0\u00a0\u00a0\u00a0\u00a0\u00a0\u00a0<\/span><\/i><\/p><\/td><\/tr><tr><td><p><b>13.30 \u2013 14.30 Pauza de masa.<\/b><\/p><\/td><td>\u00a0<\/td><\/tr><tr><td colspan=\"2\"><p><b>ACTUALIT\u0102\u0162I \u00ceN BALNEOLOGIE\u00a0<\/b><\/p><p><b>Moderatori: Iuri Simionca, M\u0103d\u0103lina Cosmoiu<\/b><b>\u00a0<\/b><\/p><\/td><\/tr><tr><td colspan=\"2\"><p><span style=\"font-weight: 400;\">1. Indica\u0163ii \u015fi contraindica\u0163ii realizate pentru Camera de Haloterapie din I.N.R.M.F.B. \u015fi efectul ob\u0163inut la pacien\u0163i cu boli respiratorii cronice \u2013 <\/span><i><span style=\"font-weight: 400;\">Horia L\u0103z\u0103rescu, Iuri Simionca, Elena Dumitrescu, Dan Dumitra\u015fcu\u00a0<\/span><\/i><\/p><\/td><\/tr><tr><td colspan=\"2\"><p><span style=\"font-weight: 400;\">2. Reglement\u0103ri legislative ale practicii medicale balneare din Rom\u00e2nia \u2013 <\/span><i><span style=\"font-weight: 400;\">Adriana Sarah Nica, Roxana Micl\u0103u\u015f\u00a0<\/span><\/i><\/p><\/td><\/tr><tr><td colspan=\"2\"><p><span style=\"font-weight: 400;\">3<\/span><span style=\"font-weight: 400;\">. <\/span><b>Rezultate comparative \u00een timp (2011\u20132017) ai unor factori esen\u0163iali de stabilitate\u00a0 \u015fi propriet\u0103\u0163i curative ai structurii \u015fi mediului artificial de min\u0103 salin\u0103 \u2013 Iuri Simionca, Horia L\u0103z\u0103rescu, Liana Gheorghievici, Silviu Butnaru, Vasile C\u00e2rlig, Iulia Bunescu, Marian Romeo C\u0103lin<\/b><i><span style=\"font-weight: 400;\">\u00a0<\/span><\/i><\/p><\/td><\/tr><tr><td colspan=\"2\"><p><span style=\"font-weight: 400;\">4. Peloidoterapia \u2013 \u00eentre mit \u015fi realitate \u2013 <\/span><i><span style=\"font-weight: 400;\">Anatoli Covaleov, Consuela Br\u0103ilescu\u00a0<\/span><\/i><\/p><\/td><\/tr><tr><td colspan=\"2\"><p><span style=\"font-weight: 400;\">5. Strategii pentru reabilitarea re\u0163elei balneoclimatice \u00een Rom\u00e2nia \u2013 <\/span><i><span style=\"font-weight: 400;\">Lucian Mirescu, Ion Truic\u0103, Ben Slavu, Teodor P\u00eervulescu\u00a0<\/span><\/i><\/p><\/td><\/tr><tr><td colspan=\"2\"><p><span style=\"font-weight: 400;\">6. Mofetele naturale- principii \u015fi detalii balneotehnice de func\u0163ionare \u2013 <\/span><i><span style=\"font-weight: 400;\">Lucian Mirescu, Ion Truic\u0103, Ben Slavu, Teodor P\u00eervulescu\u00a0<\/span><\/i><\/p><\/td><\/tr><tr><td colspan=\"2\"><p><span style=\"font-weight: 400;\">7. Aspecte bioclimatice ale v\u0103ii superioare a Prahovei \u2013 <\/span><i><span style=\"font-weight: 400;\">Iulia Bunescu, Liviu Enache\u00a0<\/span><\/i><\/p><\/td><\/tr><tr><td colspan=\"2\"><p><span style=\"font-weight: 400;\">8. Modificarea status-ului microbiologic al apelor minerale naturale \u2013 <\/span><i><span style=\"font-weight: 400;\">Liana Gheorghievici, M\u0103d\u0103lina Cosmoiu, Iulia Pompei, Mihaela Florea, Iosif T\u0103nase\u00a0<\/span><\/i><\/p><\/td><\/tr><tr><td colspan=\"2\"><p><span style=\"font-weight: 400;\">9. Prezen\u0163a metalelor \u00een apele minerale \u015fi impactul lor asupra organismului uman \u2013 <\/span><i><span style=\"font-weight: 400;\">M\u0103d\u0103lina Cosmoiu, Liana Gheorghievici, Iulia Pompei, Iosif T\u0103nase, Mihaela Florea\u00a0<\/span><\/i><\/p><\/td><\/tr><tr><td colspan=\"2\"><p><span style=\"font-weight: 400;\">10. Momente cheie \u00een istoria balneologiei rom\u00e2ne\u015fti \u2013 <\/span><i><span style=\"font-weight: 400;\">Nicolae Marcu\u00a0<\/span><\/i><\/p><\/td><\/tr><tr><td colspan=\"2\"><p><span style=\"font-weight: 400;\">11. Tratamentul afec\u0163iunilor gastrice \u015fi hepatobiliare \u00een Sec\u0163ia Sanatorial\u0103 Sl\u0103nic Moldova \u2013 <\/span><i><span style=\"font-weight: 400;\">Liliana Neac\u015fu, Dan Dumitra\u015fcu <\/span><\/i><span style=\"font-weight: 400;\">(10 min) .<\/span><\/p><\/td><\/tr><\/tbody><\/table><ol start=\"3\"><li><b> Iuri (Gheorghe) SIMIONCA\u00a0 <\/b><b>1,2, <\/b><b>Horia LAZARESCU 2, Delia CINTEZA <\/b><b>2<\/b><b>, Romeo CALIN <\/b><b>3<\/b><b>, Liviu ENACHE <\/b><b>2<\/b><b>, Iulia BUNESCU\u00a0 <\/b><b>2<\/b><b>, Vasile C\u00ceRLIG <\/b><b>2,5<\/b><b>, Silviu BUTNARU <\/b><b>2<\/b><b>, Nicolae GRUDNICKI\u00a0 <\/b><b>4<\/b><b>. HALOTHERAPY\u00a0 SALON ON THE SURFACE WITH HALOTHERAPEUTIC\u00a0 ENVIRONMENT,\u00a0 STABILITY OF THE THERAPEUTIC FACTORS OVER TIME.<\/b><span style=\"font-weight: 400;\"> \u00a0 1- PCS\/CPS (SC ) of\u00a0 UIS (ICSU &amp; UNESCO Member),\u00a0 2 &#8211; National Institute of Rehabilitation, Physical Medicine and Balneoclimatology &#8211; Research Section of Natural Therapeutic Factors, Bucharest;\u00a0 3- \u201cHoria Hulibei\u201d National Institute for Physics and Nuclear Engineering &#8211; IFIN HH, Magurele,\u00a0 Romania,\u00a0 \u00a0 4 &#8211; National Salt Company &#8211; SALROM, Bucharest, Romania .<\/span><\/li><li><b> HALOTHERAPY &#8211; DESCENDANT METHOD OF SPELEOTHERAPY\u00a0<\/b><\/li><\/ol><p><b>Simionka Yu., Lazarescu H., Cirlig V.\u00a0<\/b><\/p><p><span style=\"font-weight: 400;\">National Institute of Rehabilitation, Physical Medicine and Balneoclimatology,\u00a0<\/span><\/p><p><span style=\"font-weight: 400;\">Bucharest, Romania\u00a0<\/span><\/p><p><span style=\"font-weight: 400;\">e-mail: <\/span><i><span style=\"font-weight: 400;\">simionca_iuri@yahoo.com\u00a0<\/span><\/i><\/p><p><span style=\"font-weight: 400;\">Halotherapy (HT, halos = (gr) salt) modern is a descendant method of speleotherapy and mainly uses dry aerosol sodium chloride microparticles, often containing other mineral salts for the treatment of chronic non-specific respiratory diseases, respiratory and skin allergies. Halotherapy is a method of treatment based on artificially recreating in Uzhhorod Branch of Odessa Resorts Scientific Research Institute the microclimate conditions and salt aerosol of Solotvino&#8217;s salt mines gallery in period of years 1975 &#8211; 80 (from M.D.Torokhtin, 1999).\u00a0<\/span><\/p><p><span style=\"font-weight: 400;\">The concept of Halocamera \u2013 salt chamber, its technical and medical application as technology \u2013 treatment in artificial salt microclimate was used in 1984 year (Authority certificate 1225569 22.12. 1985, P.P. Gorbenko).\u00a0<\/span><\/p><p><span style=\"font-weight: 400;\">Halo-aerosol therapy has a very high efficiency in treating courses of patients with asthma (Y. Chonka et al., 2014), has a significant influence on peroxidation of lipids and antioxidant protection at patients with acquired pneumonia and patients with other pulmonary pathology (I.S.Lemko, 2014; O.I.Lemko et al., 2014). A.V.Chervinskaya (2014) described a innovative method of controlled halotherapy and prospects for application.\u00a0<\/span><\/p><p><span style=\"font-weight: 400;\">Based on the analysis of the elements of the halotherapy room construction and the regime of its operation obtained the following conclusion:\u00a0<\/span><\/p><p><span style=\"font-weight: 400;\">Incorrect operation of halochambers and equipment, an excessive number of patients in the treatment room, and an inadequate period for the regeneration of medical factors can lead to a systematic increase in the relative humidity and changes in other parameters of the medical environment. In such cases, special attention should be paid to microbiological control of the air, the equipment used, the floor, the ceiling and the walls of the halochamber &#8211; especially at the juncture points of the multi-layered salt coating with the primary wall covering (most often tiled with wooden shavings or similar materials). It is possible to develop and seed the environment with microorganisms (for example, Staphylococcus aureus), which are entered by patients or service personnel and have the ability to adapt to high concentrations of sodium chloride during repeated misuse or during frequent and prolonged contact with elements of the halocamera structure that are degraded by salt.\u00a0<\/span><\/p><p><b>\u0420\u0435\u0437\u044e\u043c\u0435 .\u00a0 <\/b><span style=\"font-weight: 400;\">\u0413\u0410\u041b\u041e\u0422\u0415\u0420\u0410\u041f\u0406\u042f \u2013 \u041c\u0415\u0422\u041e\u0414, \u041f\u041e\u0425\u0406\u0414\u041d\u0418\u0419 \u0412\u0406\u0414 \u0421\u041f\u0415\u041b\u0415\u041e\u0422\u0415\u0420\u0410\u041f\u0406\u0407 hk<\/span><\/p><p><span style=\"font-weight: 400;\">\u0412 \u0440\u043e\u0431\u043e\u0442\u0456 \u043f\u0440\u0435\u0434\u0441\u0442\u0430\u0432\u043b\u0435\u043d\u0430 \u0437\u0430\u0433\u0430\u043b\u044c\u043d\u0430 \u0456\u043d\u0444\u043e\u0440\u043c\u0430\u0446\u0456\u044f \u043f\u0440\u043e \u043a\u043e\u043d\u0446\u0435\u043f\u0446\u0456\u044e \u0441\u0443\u0447\u0430\u0441\u043d\u043e\u0457 \u0433\u0430\u043b\u043e\u0442\u0435\u0440\u0430\u043f\u0456\u0457, \u044f\u043a \u043c\u0435\u0442\u043e\u0434\u0443, \u0449\u043e \u0432\u0456\u0434\u0442\u0432\u043e\u0440\u044e\u0454 \u0443\u043c\u043e\u0432\u0438 \u043c\u0456\u043a\u0440\u043e\u043a\u043b\u0456\u043c\u0430\u0442\u0443 \u0441\u043e\u043b\u044f\u043d\u0438\u0445 \u0448\u0430\u0445\u0442, \u043d\u0430\u0434\u0430\u043d\u0430 \u043a\u043e\u0440\u043e\u0442\u043a\u0430 \u0456\u0441\u0442\u043e\u0440\u0438\u0447\u043d\u0430 \u0434\u043e\u0432\u0456\u0434\u043a\u0430 \u0441\u0442\u0432\u043e\u0440\u0435\u043d\u043d\u044f \u0442\u0430 \u0435\u0432\u043e\u043b\u044e\u0446\u0456\u0457 \u043c\u0435\u0442\u043e\u0434\u0443, \u0439\u043e\u0433\u043e \u0442\u0435\u0445\u043d\u0456\u0447\u043d\u0435 \u0456 \u043c\u0435\u0434\u0438\u0447\u043d\u0435 \u0437\u0430\u0441\u0442\u043e\u0441\u0443\u0432\u0430\u043d\u043d\u044f, \u043f\u0435\u0440\u0441\u043f\u0435\u043a\u0442\u0438\u0432\u0438 \u0437\u0430\u0441\u0442\u043e\u0441\u0443\u0432\u0430\u043d\u043d\u044f. \u041d\u0430\u0432\u0435\u0434\u0435\u043d\u0456 \u0442\u0430\u043a\u043e\u0436 \u043f\u0440\u043e\u0431\u043b\u0435\u043c\u043d\u0456 \u043f\u0438\u0442\u0430\u043d\u043d\u044f \u0442\u0435\u0445\u043d\u0456\u0447\u043d\u043e\u0433\u043e \u0432\u0438\u043a\u043e\u0440\u0438\u0441\u0442\u0430\u043d\u043d\u044f \u0433\u0430\u043b\u043e\u0442\u0435\u0440\u0430\u043f\u0456\u0457, \u0449\u043e \u043f\u043e\u0432\u2019\u044f\u0437\u0430\u043d\u0456 \u0456\u0437 \u043d\u0435\u043a\u043e\u0440\u0435\u043a\u0442\u043d\u043e\u044e \u0435\u043a\u0441\u043f\u043b\u0443\u0430\u0442\u0430\u0446\u0456\u0454\u044e \u0433\u0430\u043b\u043e\u043a\u0430\u043c\u0435\u0440 \u0442\u0430 \u043e\u0431\u043b\u0430\u0434\u043d\u0430\u043d\u043d\u044f, \u0449\u043e \u0441\u0442\u043e\u0441\u0443\u044e\u0442\u044c\u0441\u044f, \u0437\u043e\u043a\u0440\u0435\u043c\u0430, \u043c\u0456\u043a\u0440\u043e\u0431\u0456\u043e\u043b\u043e\u0433\u0456\u0447\u043d\u043e\u0433\u043e \u043a\u043e\u043d\u0442\u0440\u043e\u043b\u044e \u043f\u043e\u0432\u0456\u0442\u0440\u044f, \u043e\u0431\u043b\u0430\u0434\u043d\u0430\u043d\u043d\u044f \u0442\u043e\u0449\u043e.<\/span><\/p><p><span style=\"font-weight: 400;\">\u041c\u0456\u043d\u0456\u0441\u0442\u0435\u0440\u0441\u0442\u0432\u043e \u043e\u0445\u043e\u0440\u043e\u043d\u0438 \u0437\u0434\u043e\u0440\u043e\u0432\u2019\u044f \u0423\u043a\u0440\u0430\u0457\u043d\u0438\u00a0<\/span><\/p><p><span style=\"font-weight: 400;\">Permanent Commission on Speleotherapy (PCS) \/ Commission permanente de sp\u00e9l\u00e9oth\u00e9rapie (CPS) of the UIS (member ICSU &amp; UNESCO)\u00a0<\/span><\/p><p><span style=\"font-weight: 400;\">\u0414\u0435\u0440\u0436\u0430\u0432\u043d\u0430 \u0443\u0441\u0442\u0430\u043d\u043e\u0432\u0430 \u00ab\u041d\u0430\u0443\u043a\u043e\u0432\u043e-\u043f\u0440\u0430\u043a\u0442\u0438\u0447\u043d\u0438\u0439 \u043c\u0435\u0434\u0438\u0447\u043d\u0438\u0439 \u0446\u0435\u043d\u0442\u0440 \u00ab\u0420\u0435\u0430\u0431\u0456\u043b\u0456\u0442\u0430\u0446\u0456\u044f\u00bb \u041c\u041e\u0417 \u0423\u043a\u0440\u0430\u0457\u043d\u0438\u00bb\u00a0<\/span><\/p><p><span style=\"font-weight: 400;\">\u0414\u0435\u043f\u0430\u0440\u0442\u0430\u043c\u0435\u043d\u0442 \u043e\u0445\u043e\u0440\u043e\u043d\u0438 \u0437\u0434\u043e\u0440\u043e\u0432\u2019\u044f \u0417\u0430\u043a\u0430\u0440\u043f\u0430\u0442\u0441\u044c\u043a\u043e\u0457 \u041e\u0414\u0410\u00a0<\/span><\/p><p><span style=\"font-weight: 400;\">\u0414\u0435\u0440\u0436\u0430\u0432\u043d\u0438\u0439 \u0437\u0430\u043a\u043b\u0430\u0434 \u00ab\u0423\u043a\u0440\u0430\u0457\u043d\u0441\u044c\u043a\u0430 \u0430\u043b\u0435\u0440\u0433\u043e\u043b\u043e\u0433\u0456\u0447\u043d\u0430 \u043b\u0456\u043a\u0430\u0440\u043d\u044f \u041c\u041e\u0417 \u0423\u043a\u0440\u0430\u0457\u043d\u0438\u00bb\u00a0<\/span><\/p><p><span style=\"font-weight: 400;\">\u0421\u043e\u043b\u043e\u0442\u0432\u0438\u043d\u0441\u044c\u043a\u0430 \u043e\u0431\u043b\u0430\u0441\u043d\u0430 \u0430\u043b\u0435\u0440\u0433\u043e\u043b\u043e\u0433\u0456\u0447\u043d\u0430 \u043b\u0456\u043a\u0430\u0440\u043d\u044f\u00a0<\/span><\/p><p><span style=\"font-weight: 400;\">\u0417\u0430\u043a\u0430\u0440\u043f\u0430\u0442\u0441\u044c\u043a\u0435 \u043e\u0431\u043b\u0430\u0441\u043d\u0435 \u0442\u043e\u0432\u0430\u0440\u0438\u0441\u0442\u0432\u043e \u0442\u0435\u0440\u0430\u043f\u0435\u0432\u0442\u0456\u0432 \u0456 \u043a\u0430\u0440\u0434\u0456\u043e\u043b\u043e\u0433\u0456\u0432\u00a0<\/span><\/p><p><span style=\"font-weight: 400;\">\u041c\u0430\u0442\u0435\u0440\u0456\u0430\u043b\u0438 \u043d\u0430\u0443\u043a\u043e\u0432\u043e-\u043f\u0440\u0430\u043a\u0442\u0438\u0447\u043d\u043e\u0457 \u043a\u043e\u043d\u0444\u0435\u0440\u0435\u043d\u0446\u0456\u0457 \u0437 \u043c\u0456\u0436\u043d\u0430\u0440\u043e\u0434\u043d\u043e\u044e \u0443\u0447\u0430\u0441\u0442\u044e\u00a0<\/span><\/p><p><b>\u0421\u043f\u0435\u043b\u0435\u043e\u0442\u0435\u0440\u0430\u043f\u0456\u044f \u0442\u0430 \u0457\u0457 \u0448\u0442\u0443\u0447\u043d\u0456 \u0430\u043d\u0430\u043b\u043e\u0433\u0438 \u0432 \u0423\u043a\u0440\u0430\u0457\u043d\u0456:\u00a0<\/b><\/p><p><b>\u0441\u0442\u0430\u043d\u043e\u0432\u043b\u0435\u043d\u043d\u044f \u0442\u0430 \u043f\u0435\u0440\u0441\u043f\u0435\u043a\u0442\u0438\u0432\u0438,\u00a0<\/b><\/p><p><b>\u043f\u0440\u0438\u0441\u0432\u044f\u0447\u0435\u043d\u043e\u0457 50-\u0440\u0456\u0447\u0447\u044e \u0441\u043f\u0435\u043b\u0435\u043e\u0442\u0435\u0440\u0430\u043f\u0456\u0457 \u0432 \u0423\u043a\u0440\u0430\u0457\u043d\u0456\u00a0<\/b><\/p><p><b>Speleotherapy and its artificial analogues in Ukraine:\u00a0<\/b><\/p><p><b>beginnings and prospects\u00a0<\/b><\/p><p><span style=\"font-weight: 400;\">devoted to the 50th anniversary of speleotherapy in Ukraine\u00a0<\/span><\/p><p><span style=\"font-weight: 400;\">24-25 \u0442\u0440\u0430\u0432\u043d\u044f 2018 \u0440\u043e\u043a\u0443\u00a0<\/span><\/p><p><span style=\"font-weight: 400;\">\u0421\u043e\u043b\u043e\u0442\u0432\u0438\u043d\u043e, \u0423\u043a\u0440\u0430\u0457\u043d\u0430\u00a0<\/span><\/p><p><span style=\"font-weight: 400;\">24-25 May 2018\u00a0<\/span><\/p><p><span style=\"font-weight: 400;\">Solotvino, Ukraine<\/span><\/p><p>\u00a0<\/p><ol><li><b> C\u00ceRLIG Vasile, C\u00ceRLIG Irina, DIACONESCU Alexandru, SIMIONCA Iuri (Gheorghe) Influen\u021ba factorilor naturali asupra patologiei aparatului locomotor pe cursul superior al B\u00e2rladului din Podi\u0219ul Central Moldovenesc<\/b><span style=\"font-weight: 400;\">.\u00a0<\/span><\/li><\/ol><p><span style=\"font-weight: 400;\">Introducere: Un microclimat rece va duce la declan\u0219area prompt\u0103 a unei reac\u021bii prin generare de c\u0103ldur\u0103 iar efectele asupra corpului sunt sc\u0103derea transpira\u021biei, constric\u021bie vascular\u0103 periferic\u0103 prin cre\u0219terea pragului de excitabilitate a corpusculilor Krause, receptori pentru rece care duc la men\u021binerea pragului de control al tensiunii arteriale. Aclimatizarea la cald, impune vasodilata\u021bie \u0219i transpira\u021bie, indeosebi c\u00e2nd temperatura aerului dep\u0103\u0219e\u0219te 29 C . \u00a0 \u00a0 \u00a0 \u00a0 \u00a0 \u00a0 \u00a0 \u00a0 \u00a0 \u00a0 \u00a0 \u00a0 \u00a0 \u00a0 \u00a0 \u00a0 \u00a0 \u00a0 \u00a0 \u00a0 \u00a0 \u00a0 \u00a0 \u00a0 \u00a0 \u00a0 \u00a0 \u00a0 \u00a0 \u00a0 \u00a0 \u00a0 \u00a0 \u00a0 \u00a0 \u00a0 \u00a0 \u00a0 \u00a0 \u00a0 \u00a0 \u00a0 \u00a0 \u00a0 \u00a0 \u00a0 \u00a0 \u00a0 \u00a0 \u00a0 \u00a0 \u00a0 \u00a0 \u00a0 \u00a0 \u00a0 \u00a0 \u00a0 \u00a0 \u00a0 Obiective: Evaluarea \u0219i prezentarea efectului benefic al microclimatului format pe cursul superior al B\u00e2rladului din Podi\u0219ul Central Moldovenesc asupra organismului uman al pacientilor de v\u00e2rst\u0103 \u00eenaintat\u0103 cu patologie a aparatului locomotor. \u00a0 \u00a0 \u00a0 \u00a0 \u00a0 \u00a0 \u00a0 \u00a0 \u00a0 \u00a0 \u00a0 \u00a0 \u00a0 \u00a0 \u00a0 \u00a0 \u00a0 \u00a0 \u00a0 \u00a0 \u00a0 \u00a0 \u00a0 \u00a0 \u00a0 \u00a0 \u00a0 \u00a0 \u00a0 \u00a0 \u00a0 \u00a0 \u00a0 \u00a0 \u00a0 \u00a0 \u00a0 \u00a0 \u00a0 \u00a0 \u00a0 \u00a0 \u00a0 \u00a0 \u00a0 \u00a0 \u00a0 \u00a0 \u00a0 \u00a0 \u00a0 \u00a0 \u00a0 \u00a0 \u00a0 \u00a0 \u00a0 \u00a0 \u00a0 \u00a0 \u00a0 \u00a0 \u00a0 \u00a0 \u00a0 \u00a0 Metode:\u00a0 Studiul a fost efectuat asupra unui lot de 17 pacien\u021bi in v\u00eerst\u0103 de 63 &#8211; 98 ani, cu patologie cronica a aparatului locomotor, statusul clinic fiind analizat pe o perioada de 5 &#8211; 10 luni tratament sanatorial. A fost folosit\u0103 scala durerii &#8211; Visual Analogic Scale (VAS). Rezultate:Analiza statusului clinic al pacien\u021bilor cu patologie cronic\u0103 a aparatului locomotor pe o perioad\u0103 de 5 &#8211; 10 luni tratament sanatorial balneoclimatic a indicat o ameliorare important\u0103 datorat\u0103 climei zonei (Media VAS la inceputul evaluarii &#8211; 7,12, dupa 5 -10 luni de tratament sanatorial balneoclimatic &#8211; 3,06, P Stewdent = 0,01).\u00a0 \u00a0 \u00a0 \u00a0 \u00a0 \u00a0 \u00a0 \u00a0 \u00a0 \u00a0 \u00a0 \u00a0 \u00a0 \u00a0 \u00a0 \u00a0 \u00a0 \u00a0 \u00a0 \u00a0 \u00a0 \u00a0 \u00a0 \u00a0 \u00a0 \u00a0 \u00a0 \u00a0 \u00a0 \u00a0 \u00a0 \u00a0 \u00a0 \u00a0 Recomandari: \u00a0 Modelarea unor limite ale parametrilor microclimatici in vederea ridicarii gradului de confort multifunctional al pacientilor.\u00a0<\/span><\/p><p><span style=\"font-weight: 400;\">The influence of natural factors on the pathology of the locomotive apparatus on the upper course of Barlad in the Central Moldavian Plateau. \u00a0 \u00a0 \u00a0 \u00a0 \u00a0 \u00a0 \u00a0 \u00a0 \u00a0 \u00a0 \u00a0 \u00a0 \u00a0 \u00a0 \u00a0 \u00a0 \u00a0 \u00a0 \u00a0 \u00a0 \u00a0 \u00a0 \u00a0 \u00a0 \u00a0 \u00a0 \u00a0 \u00a0 \u00a0 \u00a0 \u00a0 \u00a0 \u00a0 \u00a0 \u00a0 \u00a0 \u00a0 \u00a0 \u00a0 \u00a0 \u00a0 \u00a0 \u00a0 \u00a0 \u00a0 \u00a0 \u00a0 \u00a0 \u00a0 \u00a0 \u00a0 \u00a0 \u00a0 \u00a0 \u00a0 \u00a0 Introduction: \u00a0 A cold microclimate will prompt a reaction to be triggered by heat generation and the effects on\u00a0 the body are decreased sweating, peripheral vascular constriction by increasing the excitabi-\u00a0 lity\u00a0 threshold of the Krause corpuscles, cold receptors that maintain the blood pressure control threshold . Hot climatization requires vasodilation and sweating, especially when the air temperature exceeds 29\u00b0 C. Objectives: To evaluate and present the beneficial effect of the microclimate formed on the upper course of B\u00e2rlad from the Central Moldavian Plateau on the human body of the patients with advanced pathology of the locomotor apparatus.\u00a0 \u00a0 \u00a0 \u00a0 \u00a0 \u00a0 \u00a0 \u00a0 \u00a0 \u00a0 \u00a0 \u00a0 \u00a0 \u00a0 \u00a0 \u00a0 \u00a0 \u00a0 \u00a0 \u00a0 \u00a0 \u00a0 \u00a0 \u00a0 \u00a0 \u00a0 \u00a0 \u00a0 \u00a0 \u00a0 \u00a0 \u00a0 \u00a0 \u00a0 \u00a0 \u00a0 \u00a0 \u00a0 \u00a0 \u00a0 \u00a0 \u00a0 \u00a0 \u00a0 \u00a0 \u00a0 \u00a0 \u00a0 \u00a0 \u00a0 \u00a0 \u00a0 \u00a0 \u00a0 \u00a0 \u00a0 \u00a0 \u00a0 \u00a0 \u00a0 \u00a0 \u00a0 \u00a0 \u00a0 \u00a0 \u00a0 \u00a0 \u00a0 \u00a0 \u00a0 \u00a0 \u00a0 \u00a0 \u00a0 Methods:\u00a0 The study was performed on a group of 17 patients aged 63-98 with chronic pathology of the locomotor system, the clinical status being analyzed over a period of 5-10 months sanatorium treatment. The pain scale &#8211; Visual Analogic Scale (VAS) was used. Results: The analysis of the clinical status of patients with chronic pathology of the locomotor apparatus for a period of 5-10 months balneoclimatic sanatorial treatment indicated an important improvement due to the climate of the area (VAS Media at the beginning of the evaluation &#8211; 7.12, after 5- 10 months of treatment sanatorium balneoclimatic &#8211; 3.06, P Stewdent = 0.01). \u00a0 \u00a0 \u00a0 \u00a0 \u00a0 \u00a0 \u00a0 \u00a0 \u00a0 \u00a0 \u00a0 \u00a0 \u00a0 \u00a0 \u00a0 \u00a0 \u00a0 \u00a0 \u00a0 \u00a0 \u00a0 \u00a0 \u00a0 \u00a0 \u00a0 \u00a0 \u00a0 \u00a0 \u00a0 \u00a0 \u00a0 \u00a0 \u00a0 \u00a0 \u00a0 \u00a0 \u00a0 \u00a0 \u00a0 \u00a0 \u00a0 \u00a0 \u00a0 \u00a0 \u00a0 \u00a0 \u00a0 \u00a0 \u00a0 \u00a0 \u00a0 \u00a0 Recommendations: \u00a0 Modeling some limits of microclimatic parameters in order to increase the degree of multifunctional comfort of patients. \u00a0 \u00a0 \u00a0 \u00a0 \u00a0 \u00a0 \u00a0 \u00a0 \u00a0 \u00a0 \u00a0 \u00a0 \u00a0 \u00a0 \u00a0 \u00a0 \u00a0 \u00a0 \u00a0 \u00a0 \u00a0 \u00a0 \u00a0 \u00a0 \u00a0 \u00a0 \u00a0 \u00a0 \u00a0 \u00a0 \u00a0 \u00a0 \u00a0 \u00a0 \u00a0 \u00a0 \u00a0 \u00a0 \u00a0 \u00a0 \u00a0 \u00a0 \u00a0 \u00a0 \u00a0 \u00a0 \u00a0 \u00a0 \u00a0 \u00a0 \u00a0 \u00a0 \u00a0 \u00a0 \u00a0 \u00a0 \u00a0 \u00a0 \u00a0 \u00a0 \u00a0 \u00a0 \u00a0 \u00a0 \u00a0 \u00a0 \u00a0 \u00a0 \u00a0 \u00a0 \u00a0 \u00a0 \u00a0 \u00a0 \u00a0 \u00a0 \u00a0 \u00a0 \u00a0 \u00a0 \u00a0 \u00a0 \u00a0 \u00a0 \u00a0 \u00a0 \u00a0 \u00a0 \u00a0 \u00a0 \u00a0 \u00a0 \u00a0 \u00a0 \u00a0 \u00a0 In: THE INTERNATIONAL CONFERENCE ATMOSPHERE and HYDROSPHERE 3 rd edition dedicated to balneoclimatic tourism Vatra Dornei, October 04-07, 2018 TOPICS ADDRESSED -APPLIED CLIMATOLOGY AND HYDROLOGY IN THE FIELD OF HEALTH TOURISM -BIOMETHEROLOGY AND BIOCLIMATOLOGY -BALNEOLOGY -BALNEOCLIMATIC TOURISM -ECONOMY AND MANAGEMENT OF HEALTH TOURISM -KINETOTHERAPY AND HEALTH TOURISM -FOREST AND HUMAN HEALTH<\/span><\/p><p>\u00a0<\/p><p><span style=\"font-weight: 400;\">C\u00eerlig Vasile<\/span><\/p><ul><li style=\"font-weight: 400;\" aria-level=\"1\"><span style=\"font-weight: 400;\">Research Associate\u00a0at\u00a0Carol Davila University of Medicine and Pharmacy,\u00a0<\/span><\/li><\/ul><ul><li style=\"font-weight: 400;\" aria-level=\"1\"><span style=\"font-weight: 400;\">Romania<\/span><\/li><\/ul><ol start=\"5\"><li><span style=\"font-weight: 400;\">GEOREVIEW: Scientific Annals of Stefan cel Mare University (USU) of Suceava\u00a0, Ed. XII, 17-19 May, 2019.<\/span><\/li><\/ol><p><span style=\"font-weight: 400;\">TERAPIA OCUPA\u021aIONAL\u0102 A PACIEN\u021aILOR V\u00c2RSTNICI CU SINDROM DEPRESIV, \u00ceN ZONA PODI\u0218ULUI CENTRAL MOLDOVENESC CU MEDIU, CLIMA SPECIFICE ZONEI \u00ceMP\u0102DURITE Dr. C\u00ceRLIG Vasile1 , Dr. CIRLIG Irina2 , Dr. CIRLIG Nadejda3 , Dr. ALBU Mihai4 , Dr. BOROLEANU Rodica5 , Asist. Sef RUBICA Luminita6 , Fizioterapeut PINTILIE Alina Simona7 , Asist. Balneofizioterapie ROTUNDUAurelia8 , Kinetoterapeut ARDELEAN Ciprian9 , Prof. CFM BACU Constantin10 , Prof. CFM GRIGORE Ionut11 , Prof. CFM COJOCEA Ionut12 , Asist. Social SURUGIU Roxana13 , Asist. Social URSANU Marius14 , Logoped POPA Irina15 , Psiholog TANASUCA Roxana16 , Psiholog JITARU Nicoleta17 , Prof. Dr. SIMIONCA Iuri (Gheorghe)18 , Prof. Dr. STRATULAT Ioan Sorin19. Centru de Asisten\u021b\u0103 Medico-Social\u0103 B\u0103ce\u0219ti, jud. Vaslui1-17, Institutul National de Recuperare, Medicin\u0103 Fizic\u0103 \u0219i Balneoclimatologie, Bucure\u0219ti18 , Spitalul clinic CFR, Iasi19 OCCUPATIONAL THERAPY OF ELDERLY PATIENTS WITH DEPRESSIVE SYNDROME IN THE AREA OF THE CENTRAL MOLDAVIAN TABLELAND WITH AN WOODLAND ENVIRONMENT AND CLIMATE Dr. C\u00ceRLIG Vasile1 , Dr. CIRLIG Irina2 , Dr. CIRLIG Nadejda3 , Dr. ALBU Mihai4 , Dr. BOROLEANU Rodica5 , Asist. Sef RUBICA Luminita6 , Fizioterapeut PINTILIE Alina Simona7 , Asist. Balneofizioterapie ROTUNDUAurelia8 , Kinetoterapeut ARDELEAN Ciprian9 , Prof. CFM BACU Constantin10 , Prof. CFM GRIGORE Ionut11 , Prof. CFM COJOCEA Ionut12 , Asist. Social SURUGIU Roxana13 , Asist. Social URSANU Marius14 , Logoped POPA Irina15 , Psiholog TANASUCA Roxana16 , Psiholog JITARU Nicoleta17 , Prof. Dr. SIMIONCA Iuri (Gheorghe)18 , Prof. Dr. STRATULAT Ioan Sorin19. Centru de Asisten\u021b\u0103 Medico-Social\u0103 B\u0103ce\u0219ti, jud. Vaslui1-17, Institutul National de Recuperare, Medicin\u0103 Fizic\u0103 \u0219i Balneoclimatologie, Bucure\u0219ti18 , Spitalul clinic CFR, Iasi19 Medical Social Assistance Centre B\u0103ce\u0219ti1-17 , Vaslui county, National Institute for Recovery, Physical Medicine and Balneoclimatology, Bucharest18 , CFR Clinical Hospital, Iasi19<\/span><\/p><p>\u00a0<\/p><p><span style=\"font-weight: 400;\">REPRODUCEREA LA SUPRAFATA A CONDITIILOR MEDIULUI SUBTERAN DIN MINELE SALINE CU PROPRIET\u0102\u0162I TERAPEUTICE C\u0218t.-II principal, Dr.b., Ph.D.(microbiologie, imunologie) SIMIONCA Iuri (Gheorghe) SR-III, Dr.(endocrinology) LAZARESCU Horia, MSc stud.C\u00ceRLIG Vasile, Dr.b. GHEORGHEVICI Liana, Ing. BUTNARU Silviu, C\u0218t. BUNESCU Iulia, Institutul Na\u021bional de Recuperare, Medicin\u0103 Fizic\u0103 \u0219i Balneoclimatologie, Bucure\u0219ti, Rom\u00e2nia; PCS\/CPS (SC) of UIS (ICSU &amp; UNESCO Member), B\u0103ce\u0219ti Medical and Social Assistance Center, Vaslui, Romania.<\/span><\/p><p><span style=\"font-weight: 400;\">SURFACE REPRODUCTION OF THE UNDERGROUND ENVIRONMENT FROM SALT MINES WITH CURATIVE PROPERTIES SR-II principal, Dr.b., Ph.D.(microbiology, immunology) SIMIONCA Iuri (Gheorghe), SR-III Dr.(endocrinology) LAZARESCU Horia, MSc stud.C\u00ceRLIG Vasile, Dr.b. GHEORGHEVICI Liana, Ing. BUTNARU Silviu, SR BUNESCU Iulia, National Institute of Recovery, Physical Medicine and Balneoclimatology, Bucharest, Romania; PCS \/ CPS (SC) of UIS (ICSU &amp; UNESCO Member B\u0103ce\u0219ti Medical and Social Assistance Center, Vaslui, Romania.<\/span><\/p><p>\u00a0<\/p><p><span style=\"font-weight: 400;\">FACTORI DE MEDIU SUBTERAN AL UNOR GALERII MINIERE DE SARE \u0218I PE\u0218TERI CARSTICE CU PROPRIET\u0102\u021aI CURATIVE. C\u0218-II principal, Dr.b., Ph.D.(microbiologie, imunologie) SIMIONCA Iuri (Gheorghe), Institutul Na\u021bional de Recuperare, Medicin\u0103 Fizic\u0103 \u0219i Balneoclimatologie, Bucure\u0219ti, Rom\u00e2nia; PCS\/CPS (SC) of UIS (ICSU &amp; UNESCO Member).\u00a0\u00a0\u00a0\u00a0\u00a0\u00a0\u00a0\u00a0\u00a0\u00a0\u00a0\u00a0\u00a0\u00a0\u00a0\u00a0\u00a0\u00a0\u00a0\u00a0\u00a0\u00a0\u00a0\u00a0\u00a0\u00a0\u00a0\u00a0\u00a0\u00a0\u00a0\u00a0\u00a0\u00a0\u00a0\u00a0\u00a0\u00a0\u00a0\u00a0\u00a0\u00a0\u00a0\u00a0\u00a0\u00a0\u00a0\u00a0\u00a0\u00a0\u00a0\u00a0\u00a0\u00a0\u00a0\u00a0\u00a0\u00a0\u00a0\u00a0\u00a0\u00a0\u00a0\u00a0\u00a0\u00a0\u00a0\u00a0\u00a0\u00a0\u00a0\u00a0\u00a0\u00a0\u00a0\u00a0\u00a0<\/span><\/p><p style=\"text-align: left;\"><span style=\"font-weight: 400;\">UNDERGROUND ENVIRONMENTAL FACTORS OF SALT MINES GALLERIES AND KARSTIC CAVES WITH CURATIVE PROPERTIES SR-II Principal, Dr.B., Ph.D. (microbiology, immunology) SIMIONCA Iuri (Gheorghe), National Institute of Recovery, Physical Medicine and Balneoclimatology, Bucharest, Romania. PCS\/CPS (SC) of UIS (ICSU &amp; UNESCO Member).<\/span><\/p>\t\t\t\t\t\t\t\t<\/div>\n\t\t\t\t<\/div>\n\t\t\t\t\t<\/div>\n\t\t<\/div>\n\t\t\t\t<div class=\"elementor-column elementor-col-16 elementor-top-column elementor-element elementor-element-55befad\" data-id=\"55befad\" data-element_type=\"column\" data-e-type=\"column\">\n\t\t\t<div class=\"elementor-widget-wrap\">\n\t\t\t\t\t\t\t<\/div>\n\t\t<\/div>\n\t\t\t\t\t<\/div>\n\t\t<\/section>\n\t\t\t\t<\/div>\n\t\t","protected":false},"excerpt":{"rendered":"<p>LISTA ARTICOLELOR SI COMUNICARILOR STIINTIFICE PUBLICATE LA CARE A PARTICIPAT IN CALITATE DE AUTOR S-AU COAUTOR MEDICUL C\u00ceRLIG Vasile. \u00a0 \u00a0 C\u00ceRLIG\u00a0 Vasile\u00b9, C\u00ceRLIG Irina\u02e1,\u00a0 DIACONESCU Alexandru\u00b2, SIMIONCA Iuri (Gheorghe)\u00b3 \/ Vasile C\u00ceRLIG, Irina C\u00ceRLIG, Alexandru\u00a0 DIACONESCU , Iuri (Gheorghe) SIMIONCA.\u00a0 Influenta\u00a0 factorilor naturli asupra patologiei aparatului locomotor pe cursul superior al B\u00e2rladului din Podisul [&hellip;]<\/p>\n","protected":false},"author":1,"featured_media":0,"comment_status":"open","ping_status":"open","sticky":false,"template":"elementor_header_footer","format":"standard","meta":{"footnotes":""},"categories":[1],"tags":[],"class_list":["post-711","post","type-post","status-publish","format-standard","hentry","category-uncategorized"],"_links":{"self":[{"href":"https:\/\/www.regenerava.ro\/index.php\/wp-json\/wp\/v2\/posts\/711","targetHints":{"allow":["GET"]}}],"collection":[{"href":"https:\/\/www.regenerava.ro\/index.php\/wp-json\/wp\/v2\/posts"}],"about":[{"href":"https:\/\/www.regenerava.ro\/index.php\/wp-json\/wp\/v2\/types\/post"}],"author":[{"embeddable":true,"href":"https:\/\/www.regenerava.ro\/index.php\/wp-json\/wp\/v2\/users\/1"}],"replies":[{"embeddable":true,"href":"https:\/\/www.regenerava.ro\/index.php\/wp-json\/wp\/v2\/comments?post=711"}],"version-history":[{"count":16,"href":"https:\/\/www.regenerava.ro\/index.php\/wp-json\/wp\/v2\/posts\/711\/revisions"}],"predecessor-version":[{"id":728,"href":"https:\/\/www.regenerava.ro\/index.php\/wp-json\/wp\/v2\/posts\/711\/revisions\/728"}],"wp:attachment":[{"href":"https:\/\/www.regenerava.ro\/index.php\/wp-json\/wp\/v2\/media?parent=711"}],"wp:term":[{"taxonomy":"category","embeddable":true,"href":"https:\/\/www.regenerava.ro\/index.php\/wp-json\/wp\/v2\/categories?post=711"},{"taxonomy":"post_tag","embeddable":true,"href":"https:\/\/www.regenerava.ro\/index.php\/wp-json\/wp\/v2\/tags?post=711"}],"curies":[{"name":"wp","href":"https:\/\/api.w.org\/{rel}","templated":true}]}}